{"id":737,"date":"2015-04-28T13:54:56","date_gmt":"2015-04-28T11:54:56","guid":{"rendered":"http:\/\/visfoundation.org\/nuevo\/?p=737"},"modified":"2016-05-04T13:01:28","modified_gmt":"2016-05-04T11:01:28","slug":"ven-a-el-salvador-con-nosotros-a-vivir-una-extraordinaria-experiencia-de-misiones-humanitarias","status":"publish","type":"post","link":"https:\/\/international.visfoundation.org\/pt\/2015\/04\/28\/ven-a-el-salvador-con-nosotros-a-vivir-una-extraordinaria-experiencia-de-misiones-humanitarias\/","title":{"rendered":"Venha a El Salvador conosco para viver uma experi\u00eancia extraordin\u00e1ria de miss\u00f5es humanit\u00e1rias!"},"content":{"rendered":"<p style=\"text-align: justify;\"><a href=\"http:\/\/visfoundation.org\/nuevo\/wp-content\/uploads\/sites\/19\/2015\/04\/bambina.jpg\"><img fetchpriority=\"high\" decoding=\"async\" class=\"alignleft wp-image-744\" src=\"http:\/\/visfoundation.org\/nuevo\/wp-content\/uploads\/sites\/19\/2015\/04\/bambina-169x300.jpg\" alt=\"bambina\" width=\"209\" height=\"371\" srcset=\"https:\/\/international.visfoundation.org\/wp-content\/uploads\/sites\/19\/2015\/04\/bambina-169x300.jpg 169w, https:\/\/international.visfoundation.org\/wp-content\/uploads\/sites\/19\/2015\/04\/bambina.jpg 261w\" sizes=\"(max-width: 209px) 100vw, 209px\" \/><\/a>Para el pr\u00f3ximo mes de julio, VIS Foundation organiza <strong>las misiones humanitarias a El Salvador<\/strong>.<\/p>\n<p style=\"text-align: justify;\">Nuestras misiones humanitarias, est\u00e1n\u00a0<strong>abiertas a todos<\/strong> y no es necesario ning\u00fan requisito particular, s\u00f3lo ser mayor de edad. No se requiere ninguna formaci\u00f3n espec\u00edfica, pero s\u00ed un mont\u00f3n de entusiasmo, compromiso, paciencia y energ\u00eda.<\/p>\n<p style=\"text-align: justify;\">El voluntario participa en nuestras misiones a t\u00edtulo gratuito poniendo a disposici\u00f3n su tiempo, capacidad y recursos en funci\u00f3n de su disponibilidad. Las actividades de los voluntarios ser\u00e1n: actividades l\u00fadico-formativas para los ni\u00f1os de la escuela \u201cMano Amiga San Antonio \u2013 VIS\u201d que se encuentra en el distrito de La Paz (cerca del aeropuerto), mantenimiento del colegio, construcci\u00f3n de una escuela, misiones m\u00e9dicas y atenci\u00f3n a las comunidades pesqueras m\u00e1s pobres de los manglares de la desembocadura del r\u00edo Lempa.<\/p>\n<h3 style=\"text-align: justify;\"><\/h3>\n<h3 style=\"text-align: justify;\">\u00bfQu\u00e9 necesitas?<\/h3>\n<p style=\"text-align: justify;\">El encuentro con todos los voluntarios que quieran formar parte de estas misiones est\u00e1 previsto para el 6<strong>\u00a0de Julio\u00a0en el aeropuerto de El Salvador<\/strong>; all\u00ed habr\u00e1 un miembro de nuestro\u00a0equipo\u00a0para acoger y ayudar a los voluntarios que lleguen.<\/p>\n<p style=\"text-align: justify;\">Las misiones, en general, duran unas<strong> tres semanas<\/strong>, por tanto, terminan alrededor del 29\u00a0de julio. Dormiremos por el suelo (cada uno tiene que llevarse un esterilla) en la cl\u00ednica de nuestra fundaci\u00f3n, que est\u00e1 junto al colegio. La cl\u00ednica, durante esos d\u00edas, se ocupar\u00e1 para campamento de voluntarios. Comeremos lo que nos preparen ah\u00ed, sobre todo nos ofrecer\u00e1n pescado fresco del d\u00eda. Para ello, aportaremos unos 15 euros al d\u00eda.<\/p>\n<p style=\"text-align: justify;\">Antes de partir, necesitas preparar algunas cosas.<\/p>\n<p style=\"text-align: justify;\"><a href=\"http:\/\/visfoundation.org\/nuevo\/wp-content\/uploads\/sites\/19\/2015\/04\/Medici.jpg\"><img decoding=\"async\" class=\"wp-image-743 alignright\" src=\"http:\/\/visfoundation.org\/nuevo\/wp-content\/uploads\/sites\/19\/2015\/04\/Medici-169x300.jpg\" alt=\"Medici\" width=\"203\" height=\"360\" srcset=\"https:\/\/international.visfoundation.org\/wp-content\/uploads\/sites\/19\/2015\/04\/Medici-169x300.jpg 169w, https:\/\/international.visfoundation.org\/wp-content\/uploads\/sites\/19\/2015\/04\/Medici.jpg 540w\" sizes=\"(max-width: 203px) 100vw, 203px\" \/><\/a>Lo primero es tener un pasaporte en vigor. Aseg\u00farate si requieres alg\u00fan otro aspecto para entrar en el pa\u00eds: visado, etc. Por otra parte, aunque no es obligatorio, aconsejamos ponerse todas las vacunas oportunas para El Salvador que podr\u00e1n indicaros en vuestro\u00a0centro de salud. Tambi\u00e9n ser\u00eda conveniente contar con un Seguro Sanitario v\u00e1lido para El Salvador.<\/p>\n<p style=\"text-align: justify;\">El coste\u00a0de las misiones humanitarias corre a cargo del voluntario: los billetes de avi\u00f3n de ida y vuelta desde tu pa\u00eds de origen, los medicamentos que quieras llevarte y las vacunas, el seguro m\u00e9dico, los 15 euros al d\u00eda por el hospedaje y las comidas, eventuales desplazamientos en la zona y una peque\u00f1a contribuci\u00f3n para el kit del voluntario que vale 50\u20ac. En total, el coste de las misiones debe oscilar entre <em>1.400 y 1.500 euros.<\/em><\/p>\n<p style=\"text-align: justify;\"><strong>Las misiones con nosotros a El Salvador, son una ocasi\u00f3n para poner voz a quienes viven situaciones de pobreza y marginaci\u00f3n en medio de la indiferencia de gran parte de la humanidad.<\/strong><\/p>\n<h3 style=\"text-align: justify;\">Es importante que:<\/h3>\n<p style=\"text-align: justify;\">1. Contactes con nuestras oficinas de VIS Foundation en Espa\u00f1a escribiendo a info@visfoundation.org.<br \/>\n2. Descargues la<em><strong><span style=\"color: #ff0000;\"> <a style=\"color: #ff0000;\" href=\"http:\/\/visfoundation.org\/nuevo\/wp-content\/uploads\/sites\/19\/2015\/04\/FICHA-DE-INSCRIPCI\u00d3N-misiones-2015.pdf\">ficha de adhesi\u00f3n<\/a><\/span><\/strong><\/em> y la env\u00edes completamente rellenada a info@visfoundation.org.<br \/>\n3. Concuerdes con la organizaci\u00f3n el viaje en avi\u00f3n.<br \/>\n4. Pagues la cuota de inscripci\u00f3n y el kit a este n\u00famero de cuenta, de VIS Foundation Espa\u00f1a:<\/p>\n<p style=\"text-align: center;\"><span style=\"color: #ff0000;\"><strong>IBAN ES54 2100 2149 3302 0024 4814<\/strong><\/span><br \/>\n<span style=\"color: #ff0000;\"><strong>BIC CAIXESBBXXX<\/strong><\/span><\/p>","protected":false},"excerpt":{"rendered":"<p>Para el pr\u00f3ximo mes de julio, VIS Foundation organiza las misiones humanitarias a El Salvador. Nuestras misiones humanitarias, est\u00e1n\u00a0abiertas a todos y no es necesario ning\u00fan requisito particular, s\u00f3lo ser mayor de edad. No se requiere ninguna formaci\u00f3n espec\u00edfica, pero s\u00ed un mont\u00f3n de entusiasmo, compromiso, paciencia y energ\u00eda. El voluntario participa en nuestras misiones [&hellip;]<\/p>\n","protected":false},"author":2,"featured_media":747,"comment_status":"open","ping_status":"open","sticky":false,"template":"","format":"standard","meta":{"footnotes":""},"categories":[1],"tags":[],"class_list":["post-737","post","type-post","status-publish","format-standard","has-post-thumbnail","hentry","category-noticias"],"_links":{"self":[{"href":"https:\/\/international.visfoundation.org\/pt\/wp-json\/wp\/v2\/posts\/737","targetHints":{"allow":["GET"]}}],"collection":[{"href":"https:\/\/international.visfoundation.org\/pt\/wp-json\/wp\/v2\/posts"}],"about":[{"href":"https:\/\/international.visfoundation.org\/pt\/wp-json\/wp\/v2\/types\/post"}],"author":[{"embeddable":true,"href":"https:\/\/international.visfoundation.org\/pt\/wp-json\/wp\/v2\/users\/2"}],"replies":[{"embeddable":true,"href":"https:\/\/international.visfoundation.org\/pt\/wp-json\/wp\/v2\/comments?post=737"}],"version-history":[{"count":0,"href":"https:\/\/international.visfoundation.org\/pt\/wp-json\/wp\/v2\/posts\/737\/revisions"}],"wp:featuredmedia":[{"embeddable":true,"href":"https:\/\/international.visfoundation.org\/pt\/wp-json\/wp\/v2\/media\/747"}],"wp:attachment":[{"href":"https:\/\/international.visfoundation.org\/pt\/wp-json\/wp\/v2\/media?parent=737"}],"wp:term":[{"taxonomy":"category","embeddable":true,"href":"https:\/\/international.visfoundation.org\/pt\/wp-json\/wp\/v2\/categories?post=737"},{"taxonomy":"post_tag","embeddable":true,"href":"https:\/\/international.visfoundation.org\/pt\/wp-json\/wp\/v2\/tags?post=737"}],"curies":[{"name":"wp","href":"https:\/\/api.w.org\/{rel}","templated":true}]}}