{"id":1211,"date":"2018-10-02T18:27:33","date_gmt":"2018-10-02T16:27:33","guid":{"rendered":"http:\/\/visfoundation.org\/nuevo\/?p=1211"},"modified":"2018-10-02T18:28:14","modified_gmt":"2018-10-02T16:28:14","slug":"cronica-de-las-misiones-humanitarias-en-india-2018","status":"publish","type":"post","link":"https:\/\/international.visfoundation.org\/pt\/2018\/10\/02\/cronica-de-las-misiones-humanitarias-en-india-2018\/","title":{"rendered":"Cr\u00f4nica de miss\u00f5es humanit\u00e1rias na \u00cdndia em 2018"},"content":{"rendered":"<p style=\"text-align: center;\"><em>&quot;Dar te faz realmente feliz&quot;<\/em><\/p>\n<p>Tamb\u00e9m neste ano de 2018 um grupo de volunt\u00e1rios da VIDA (VIS Foundation para a \u00cdndia) dedicou boa parte do per\u00edodo de ver\u00e3o para ir a Calcut\u00e1 para participar da miss\u00e3o humanit\u00e1ria e servir aos mais pobres dos pobres.<\/p>\n<div id='gallery-1' class='gallery galleryid-1211 gallery-columns-3 gallery-size-thumbnail'><figure class='gallery-item'>\n\t\t\t<div class='gallery-icon landscape'>\n\t\t\t\t<a href='https:\/\/international.visfoundation.org\/wp-content\/uploads\/sites\/19\/2018\/10\/39094926_2006072259423166_3338856878116438016_n.jpg'><img decoding=\"async\" width=\"150\" height=\"150\" src=\"https:\/\/international.visfoundation.org\/wp-content\/uploads\/sites\/19\/2018\/10\/39094926_2006072259423166_3338856878116438016_n-150x150.jpg\" class=\"attachment-thumbnail size-thumbnail\" alt=\"\" srcset=\"https:\/\/international.visfoundation.org\/wp-content\/uploads\/sites\/19\/2018\/10\/39094926_2006072259423166_3338856878116438016_n-150x150.jpg 150w, https:\/\/international.visfoundation.org\/wp-content\/uploads\/sites\/19\/2018\/10\/39094926_2006072259423166_3338856878116438016_n-300x300.jpg 300w, https:\/\/international.visfoundation.org\/wp-content\/uploads\/sites\/19\/2018\/10\/39094926_2006072259423166_3338856878116438016_n-768x768.jpg 768w, https:\/\/international.visfoundation.org\/wp-content\/uploads\/sites\/19\/2018\/10\/39094926_2006072259423166_3338856878116438016_n-66x66.jpg 66w, https:\/\/international.visfoundation.org\/wp-content\/uploads\/sites\/19\/2018\/10\/39094926_2006072259423166_3338856878116438016_n.jpg 960w\" sizes=\"(max-width: 150px) 100vw, 150px\" \/><\/a>\n\t\t\t<\/div><\/figure><figure class='gallery-item'>\n\t\t\t<div class='gallery-icon landscape'>\n\t\t\t\t<a href='https:\/\/international.visfoundation.org\/wp-content\/uploads\/sites\/19\/2018\/10\/38872967_2000963276600731_6672135255140335616_n.jpg'><img decoding=\"async\" width=\"150\" height=\"150\" src=\"https:\/\/international.visfoundation.org\/wp-content\/uploads\/sites\/19\/2018\/10\/38872967_2000963276600731_6672135255140335616_n-150x150.jpg\" class=\"attachment-thumbnail size-thumbnail\" alt=\"\" srcset=\"https:\/\/international.visfoundation.org\/wp-content\/uploads\/sites\/19\/2018\/10\/38872967_2000963276600731_6672135255140335616_n-150x150.jpg 150w, https:\/\/international.visfoundation.org\/wp-content\/uploads\/sites\/19\/2018\/10\/38872967_2000963276600731_6672135255140335616_n-66x66.jpg 66w\" sizes=\"(max-width: 150px) 100vw, 150px\" \/><\/a>\n\t\t\t<\/div><\/figure><figure class='gallery-item'>\n\t\t\t<div class='gallery-icon landscape'>\n\t\t\t\t<a href='https:\/\/international.visfoundation.org\/wp-content\/uploads\/sites\/19\/2018\/10\/37160874_2011475742216151_1747693922991210496_n.jpg'><img decoding=\"async\" width=\"150\" height=\"150\" src=\"https:\/\/international.visfoundation.org\/wp-content\/uploads\/sites\/19\/2018\/10\/37160874_2011475742216151_1747693922991210496_n-150x150.jpg\" class=\"attachment-thumbnail size-thumbnail\" alt=\"\" srcset=\"https:\/\/international.visfoundation.org\/wp-content\/uploads\/sites\/19\/2018\/10\/37160874_2011475742216151_1747693922991210496_n-150x150.jpg 150w, https:\/\/international.visfoundation.org\/wp-content\/uploads\/sites\/19\/2018\/10\/37160874_2011475742216151_1747693922991210496_n-300x300.jpg 300w, https:\/\/international.visfoundation.org\/wp-content\/uploads\/sites\/19\/2018\/10\/37160874_2011475742216151_1747693922991210496_n-768x768.jpg 768w, https:\/\/international.visfoundation.org\/wp-content\/uploads\/sites\/19\/2018\/10\/37160874_2011475742216151_1747693922991210496_n-66x66.jpg 66w, https:\/\/international.visfoundation.org\/wp-content\/uploads\/sites\/19\/2018\/10\/37160874_2011475742216151_1747693922991210496_n.jpg 893w\" sizes=\"(max-width: 150px) 100vw, 150px\" \/><\/a>\n\t\t\t<\/div><\/figure>\n\t\t<\/div>\n\n<p>Minha experi\u00eancia em Calcut\u00e1 foi muito gratificante; sinta todo o amor de tantas pessoas que te enchem de muito mais amor do que voc\u00ea pode dar l\u00e1: elas transmitem sua gratid\u00e3o e carinho para voc\u00ea \u201d, disse Ana Mar\u00eda, uma volunt\u00e1ria de Barcelona, no final de seus dias em Calcut\u00e1 .<br \/>\n\u00c9 verdade, voc\u00ea vai dar; mas voc\u00ea volta com mais do que levou com voc\u00ea. Voc\u00ea volta com o cora\u00e7\u00e3o que explode de felicidade e gratid\u00e3o pela experi\u00eancia maravilhosa. Isso sublinha todos os volunt\u00e1rios voltando de Calcut\u00e1.<\/p>\n<p><a href=\"https:\/\/visfoundation.org\/international\/wp-content\/uploads\/sites\/5\/2018\/10\/38872967_2000963276600731_6672135255140335616_n.jpg\"><img loading=\"lazy\" decoding=\"async\" class=\"aligncenter size-full wp-image-1213\" src=\"https:\/\/visfoundation.org\/international\/wp-content\/uploads\/sites\/5\/2018\/10\/38872967_2000963276600731_6672135255140335616_n.jpg\" alt=\"\" width=\"960\" height=\"540\" srcset=\"https:\/\/international.visfoundation.org\/wp-content\/uploads\/sites\/19\/2018\/10\/38872967_2000963276600731_6672135255140335616_n.jpg 960w, https:\/\/international.visfoundation.org\/wp-content\/uploads\/sites\/19\/2018\/10\/38872967_2000963276600731_6672135255140335616_n-300x169.jpg 300w, https:\/\/international.visfoundation.org\/wp-content\/uploads\/sites\/19\/2018\/10\/38872967_2000963276600731_6672135255140335616_n-768x432.jpg 768w\" sizes=\"(max-width: 960px) 100vw, 960px\" \/><\/a><\/p>\n<p>O grupo consistia em 27 volunt\u00e1rios da Espanha (o maior grupo), It\u00e1lia, M\u00e9xico, Fran\u00e7a e Estados Unidos. Este ano foram muitos!<br \/>\nRebeca, do M\u00e9xico, queria deixar seu testemunho: \u201cSer volunt\u00e1ria em Calcut\u00e1 foi, sem d\u00favida, uma das experi\u00eancias mais fortes, mas reconfortantes, dif\u00edceis, mas gratificantes, cansativas, mas que curam o cora\u00e7\u00e3o, que j\u00e1 experimentei em minha vida. Encontrar Jesus em cada olhar de meus irm\u00e3os foi a coisa mais maravilhosa que experimentei na \u00cdndia e servir aos outros sem me preocupar com mais nada \u00e9 sem d\u00favida a melhor experi\u00eancia da minha vida. &quot;<\/p>\n<p>\u201cServir a si mesmo n\u00e3o importa o que mais\u201d \u00e9 o que fazem todos os volunt\u00e1rios entre os tr\u00eas centros Mission\u00e1rios da Caridade fundados por Madre Teresa (\u201cShihu Bhavan\u201d, \u201cPrem Dan\u201d e \u201cShanti Dan\u201d), em um dos Mission\u00e1rios da Caridade ( \u201cNabo Jibon\u201d), em um centro VIDA (gerido pelos Mission\u00e1rios da Palavra) \u201cNirmal Niketan\u201d e, finalmente, no centro \u201cForma\u00e7\u00e3o Profissional Madre Teresa\u201d (gerido tamb\u00e9m pelos Mission\u00e1rios da Palavra); neste \u00faltimo para pintar algumas das salas de aula da escola profissional.<\/p>\n<p>Um trabalho imenso mas que se torna leve porque \u00e9 feito com amor e com muita alegria. Todos os dias voc\u00ea tinha que acordar cedo e entrar no caos da cidade para poder servir no que podia, geralmente em coisas simples, mas que s\u00e3o de grande ajuda para os mission\u00e1rios que dedicam suas vidas inteiras a essas pessoas pobres, abandonadas e doentes.<\/p>\n<div id='gallery-2' class='gallery galleryid-1211 gallery-columns-3 gallery-size-thumbnail'><figure class='gallery-item'>\n\t\t\t<div class='gallery-icon landscape'>\n\t\t\t\t<a href='https:\/\/international.visfoundation.org\/wp-content\/uploads\/sites\/19\/2018\/10\/41162407_2043722308991494_6975796632742789120_n.jpg'><img loading=\"lazy\" decoding=\"async\" width=\"150\" height=\"150\" src=\"https:\/\/international.visfoundation.org\/wp-content\/uploads\/sites\/19\/2018\/10\/41162407_2043722308991494_6975796632742789120_n-150x150.jpg\" class=\"attachment-thumbnail size-thumbnail\" alt=\"\" srcset=\"https:\/\/international.visfoundation.org\/wp-content\/uploads\/sites\/19\/2018\/10\/41162407_2043722308991494_6975796632742789120_n-150x150.jpg 150w, https:\/\/international.visfoundation.org\/wp-content\/uploads\/sites\/19\/2018\/10\/41162407_2043722308991494_6975796632742789120_n-300x300.jpg 300w, https:\/\/international.visfoundation.org\/wp-content\/uploads\/sites\/19\/2018\/10\/41162407_2043722308991494_6975796632742789120_n-768x768.jpg 768w, https:\/\/international.visfoundation.org\/wp-content\/uploads\/sites\/19\/2018\/10\/41162407_2043722308991494_6975796632742789120_n-66x66.jpg 66w, https:\/\/international.visfoundation.org\/wp-content\/uploads\/sites\/19\/2018\/10\/41162407_2043722308991494_6975796632742789120_n.jpg 834w\" sizes=\"(max-width: 150px) 100vw, 150px\" \/><\/a>\n\t\t\t<\/div><\/figure><figure class='gallery-item'>\n\t\t\t<div class='gallery-icon landscape'>\n\t\t\t\t<a href='https:\/\/international.visfoundation.org\/wp-content\/uploads\/sites\/19\/2018\/10\/40646975_2039480272749031_5121942740375961600_n.jpg'><img loading=\"lazy\" decoding=\"async\" width=\"150\" height=\"150\" src=\"https:\/\/international.visfoundation.org\/wp-content\/uploads\/sites\/19\/2018\/10\/40646975_2039480272749031_5121942740375961600_n-150x150.jpg\" class=\"attachment-thumbnail size-thumbnail\" alt=\"\" srcset=\"https:\/\/international.visfoundation.org\/wp-content\/uploads\/sites\/19\/2018\/10\/40646975_2039480272749031_5121942740375961600_n-150x150.jpg 150w, https:\/\/international.visfoundation.org\/wp-content\/uploads\/sites\/19\/2018\/10\/40646975_2039480272749031_5121942740375961600_n-300x300.jpg 300w, https:\/\/international.visfoundation.org\/wp-content\/uploads\/sites\/19\/2018\/10\/40646975_2039480272749031_5121942740375961600_n-768x768.jpg 768w, https:\/\/international.visfoundation.org\/wp-content\/uploads\/sites\/19\/2018\/10\/40646975_2039480272749031_5121942740375961600_n-66x66.jpg 66w, https:\/\/international.visfoundation.org\/wp-content\/uploads\/sites\/19\/2018\/10\/40646975_2039480272749031_5121942740375961600_n.jpg 960w\" sizes=\"(max-width: 150px) 100vw, 150px\" \/><\/a>\n\t\t\t<\/div><\/figure><figure class='gallery-item'>\n\t\t\t<div class='gallery-icon portrait'>\n\t\t\t\t<a href='https:\/\/international.visfoundation.org\/wp-content\/uploads\/sites\/19\/2018\/10\/39169696_2009237775773281_1557840309625290752_n.jpg'><img loading=\"lazy\" decoding=\"async\" width=\"150\" height=\"150\" src=\"https:\/\/international.visfoundation.org\/wp-content\/uploads\/sites\/19\/2018\/10\/39169696_2009237775773281_1557840309625290752_n-150x150.jpg\" class=\"attachment-thumbnail size-thumbnail\" alt=\"\" srcset=\"https:\/\/international.visfoundation.org\/wp-content\/uploads\/sites\/19\/2018\/10\/39169696_2009237775773281_1557840309625290752_n-150x150.jpg 150w, https:\/\/international.visfoundation.org\/wp-content\/uploads\/sites\/19\/2018\/10\/39169696_2009237775773281_1557840309625290752_n-66x66.jpg 66w\" sizes=\"(max-width: 150px) 100vw, 150px\" \/><\/a>\n\t\t\t<\/div><\/figure>\n\t\t<\/div>\n\n<p>O fruto dessa dedica\u00e7\u00e3o \u00e9 a felicidade. Como nos disse \u00c1lvaro de Sevilha: \u201cDar te faz muito feliz. D\u00ea uma risada ou um gesto para se conectar com uma pessoa, que recebe sua energia e ao mesmo tempo a transmite a voc\u00ea com um abra\u00e7o emp\u00e1tico no qual voc\u00ea at\u00e9 parece vulner\u00e1vel. \u00c9 uma experi\u00eancia recomend\u00e1vel! Obrigado VIDA! &quot;<\/p>\n<p>Al\u00e9m do trabalho nos centros, um dia os leprosos foram visitados; outro dia ele levou os filhos de \u201cNirmal Niketan\u201d para um passeio ao zool\u00f3gico; n\u00e3o esquecendo a entrega de alimentos, roupas e suprimentos de higiene a centenas de pessoas que vivem nas ruas e nas favelas mais pobres de Calcut\u00e1 que organizamos um dos dias de miss\u00e3o. Al\u00e9m disso, por \u00faltimo, foram visitados os projetos de solidariedade da funda\u00e7\u00e3o \u201cColores de Calcutta\u201d que a VIDA tamb\u00e9m apoia h\u00e1 v\u00e1rios anos.<\/p>\n<p>Num dos \u00faltimos dias pudemos desfrutar de um comovente festival que as crian\u00e7as e jovens deficientes de \u201cNirmal Niketan\u201d nos ofereceram aos volunt\u00e1rios e suas fam\u00edlias. Que ternura e que emo\u00e7\u00e3o ver tanto carinho e gratid\u00e3o!<\/p>\n<p>Conclu\u00edmos estas breves linhas sobre a miss\u00e3o que VIDA realizou de 30 de julho a 15 de agosto de 2018 com este testemunho de Sol, um dos volunt\u00e1rios de Sevilha: \u201cMinha experi\u00eancia em Calcut\u00e1 foi intensa, mas enriquecedora. Eu adoraria colaborar com esta ONG em outras de suas muitas miss\u00f5es e projetos, como \u201capadrinhar uma crian\u00e7a\u201d. Muito obrigado VIDA! &quot;<\/p>\n<p>Que continue a haver pessoas dispon\u00edveis para servir aos outros no pr\u00f3ximo ano e que a miss\u00e3o n\u00e3o se reduza a alguns dias de ver\u00e3o, mas a uma vida inteira!<\/p>\n<p><a href=\"https:\/\/visfoundation.org\/international\/wp-content\/uploads\/sites\/5\/2018\/10\/40646975_2039480272749031_5121942740375961600_n.jpg\"><img loading=\"lazy\" decoding=\"async\" class=\"aligncenter size-full wp-image-1216\" src=\"https:\/\/visfoundation.org\/international\/wp-content\/uploads\/sites\/5\/2018\/10\/40646975_2039480272749031_5121942740375961600_n.jpg\" alt=\"\" width=\"960\" height=\"960\" srcset=\"https:\/\/international.visfoundation.org\/wp-content\/uploads\/sites\/19\/2018\/10\/40646975_2039480272749031_5121942740375961600_n.jpg 960w, https:\/\/international.visfoundation.org\/wp-content\/uploads\/sites\/19\/2018\/10\/40646975_2039480272749031_5121942740375961600_n-150x150.jpg 150w, https:\/\/international.visfoundation.org\/wp-content\/uploads\/sites\/19\/2018\/10\/40646975_2039480272749031_5121942740375961600_n-300x300.jpg 300w, https:\/\/international.visfoundation.org\/wp-content\/uploads\/sites\/19\/2018\/10\/40646975_2039480272749031_5121942740375961600_n-768x768.jpg 768w, https:\/\/international.visfoundation.org\/wp-content\/uploads\/sites\/19\/2018\/10\/40646975_2039480272749031_5121942740375961600_n-66x66.jpg 66w\" sizes=\"(max-width: 960px) 100vw, 960px\" \/><\/a><\/p>","protected":false},"excerpt":{"rendered":"<p>\u201cDar hace verdaderamente feliz\u201d Tambi\u00e9n este a\u00f1o 2018 un grupo de voluntarios de VIDA (VIS Foundation for India) ha dedicado una buena parte del per\u00edodo veraniego a ir a Calcuta para participar en la misi\u00f3n humanitaria y servir a los m\u00e1s pobres entre los pobres. Mi experiencia en Calcuta ha sido muy gratificante; sentir todo [&hellip;]<\/p>\n","protected":false},"author":1,"featured_media":1213,"comment_status":"open","ping_status":"open","sticky":false,"template":"","format":"standard","meta":{"footnotes":""},"categories":[1],"tags":[],"class_list":["post-1211","post","type-post","status-publish","format-standard","has-post-thumbnail","hentry","category-noticias"],"_links":{"self":[{"href":"https:\/\/international.visfoundation.org\/pt\/wp-json\/wp\/v2\/posts\/1211","targetHints":{"allow":["GET"]}}],"collection":[{"href":"https:\/\/international.visfoundation.org\/pt\/wp-json\/wp\/v2\/posts"}],"about":[{"href":"https:\/\/international.visfoundation.org\/pt\/wp-json\/wp\/v2\/types\/post"}],"author":[{"embeddable":true,"href":"https:\/\/international.visfoundation.org\/pt\/wp-json\/wp\/v2\/users\/1"}],"replies":[{"embeddable":true,"href":"https:\/\/international.visfoundation.org\/pt\/wp-json\/wp\/v2\/comments?post=1211"}],"version-history":[{"count":0,"href":"https:\/\/international.visfoundation.org\/pt\/wp-json\/wp\/v2\/posts\/1211\/revisions"}],"wp:featuredmedia":[{"embeddable":true,"href":"https:\/\/international.visfoundation.org\/pt\/wp-json\/wp\/v2\/media\/1213"}],"wp:attachment":[{"href":"https:\/\/international.visfoundation.org\/pt\/wp-json\/wp\/v2\/media?parent=1211"}],"wp:term":[{"taxonomy":"category","embeddable":true,"href":"https:\/\/international.visfoundation.org\/pt\/wp-json\/wp\/v2\/categories?post=1211"},{"taxonomy":"post_tag","embeddable":true,"href":"https:\/\/international.visfoundation.org\/pt\/wp-json\/wp\/v2\/tags?post=1211"}],"curies":[{"name":"wp","href":"https:\/\/api.w.org\/{rel}","templated":true}]}}