{"id":2908,"date":"2019-11-02T13:24:58","date_gmt":"2019-11-02T12:24:58","guid":{"rendered":"https:\/\/visfoundation.org\/international\/?p=2908"},"modified":"2019-11-02T13:25:56","modified_gmt":"2019-11-02T12:25:56","slug":"un-dia-en-la-cite-testimonio-de-dos-voluntarios-de-la-misionhumanitaria-ruanda-2019","status":"publish","type":"post","link":"https:\/\/international.visfoundation.org\/en\/2019\/11\/02\/un-dia-en-la-cite-testimonio-de-dos-voluntarios-de-la-misionhumanitaria-ruanda-2019\/","title":{"rendered":"A day at \"La Cit\u00e8\": testimony of two volunteers of the Rwanda Humanitarian Mission 2019"},"content":{"rendered":"<p>A new day dawns in the town of Kabgayi, located in western Rwanda, near Lake Kivu. The locals are already busy with their first tasks of the day. Women carrying baskets on their head walking through the roadsides, men dragging bicycles carrying all kinds of belongings, boys and girls in uniform are seen with their backpacks on their way to school. Moto-taxis buzz around and minibuses bring their occupants closer to the nearest towns.<\/p>\n\n\n\n<p>The team of volunteers set out early in the morning for the Cit\u00e9 des Jeunes de Nazareth, the educational center where we carry out our mission. It is about three kilometers away and allows us to see how Rwandan women cultivate the fields, sweep the streets or are occupied in their housework. Children come out to meet us and ask us smiling for a \"bonbon.\"<\/p>\n\n\n\n<p>At the gates of the Cit\u00e9 the little ones are already waiting for us, wishing to be one of those who clings to one of the volunteers&#039; hands to accompany us to the building that houses the volunteer units. Along the way, the first songs, the first games, with smiles always on their faces.<\/p>\n\n\n\n<p>In the morning we are occupied  with the letters that the boys and girls of the Cit\u00e9 write to their godfathers and godmothers. We teach them songs, play games or propose models to draw. Show us the photos of the mobile phones! Kevine asks me. In a minute I have fifteen children looking at the photos of my city, monuments that I have visited, landscapes, family, friends. I put on music for them. They don't stop asking. It is the world outside the Cit\u00e9, far away from Rwanda, out of their reach.<\/p>\n\n\n\n<p>In the afternoon we talk in a class with the older boys and girls of the center. Young teenagers are interested in knowing things about our lives and countries of origin, about our families and about our professions and jobs. They are concerned about their immediate future, as their life at the Cit\u00e9 is ending and they would like to continue studying. Their dream is to become doctors, nurses, lawyers or engineers to study at the university and have a job to help the development of Rwanda.<\/p>\n\n\n\n<p>The daily celebration of the Eucharist culminates our journey in the Cit\u00e9. A church with a heart-shaped plant welcomes us to give thanks to God for all the experiences of the day. Prayers, songs and dances rise to the sky of Rwanda glorifying the risen Jesus who loves us as the only Father of all the volunteers and inhabitants of the Cit\u00e9 des Jeunes de Nazareth.<\/p>\n\n\n\n<p><em>Jorge and Manuela<\/em><\/p>\n\n\n\n<div class=\"wp-block-dgwt-justified-gallery\"><div id='gallery-1' class='gallery galleryid-2908 gallery-columns-3 gallery-size-thumbnail'><figure class='gallery-item'>\n\t\t\t<div class='gallery-icon landscape'>\n\t\t\t\t<a href='https:\/\/international.visfoundation.org\/en\/2019\/10\/11\/cronica-de-la-mision-humanitaria-en-ruanda-en-julio-de-2019\/swev0835\/'><img decoding=\"async\" width=\"150\" height=\"150\" src=\"https:\/\/international.visfoundation.org\/wp-content\/uploads\/sites\/19\/2019\/10\/SWEV0835-150x150.jpg\" class=\"attachment-thumbnail size-thumbnail\" alt=\"\" srcset=\"https:\/\/international.visfoundation.org\/wp-content\/uploads\/sites\/19\/2019\/10\/SWEV0835-150x150.jpg 150w, https:\/\/international.visfoundation.org\/wp-content\/uploads\/sites\/19\/2019\/10\/SWEV0835-300x300.jpg 300w, https:\/\/international.visfoundation.org\/wp-content\/uploads\/sites\/19\/2019\/10\/SWEV0835-768x768.jpg 768w, https:\/\/international.visfoundation.org\/wp-content\/uploads\/sites\/19\/2019\/10\/SWEV0835-1024x1024.jpg 1024w, https:\/\/international.visfoundation.org\/wp-content\/uploads\/sites\/19\/2019\/10\/SWEV0835.jpg 1100w\" sizes=\"(max-width: 150px) 100vw, 150px\" \/><\/a>\n\t\t\t<\/div><\/figure><figure class='gallery-item'>\n\t\t\t<div class='gallery-icon landscape'>\n\t\t\t\t<a href='https:\/\/international.visfoundation.org\/en\/2019\/10\/11\/cronica-de-la-mision-humanitaria-en-ruanda-en-julio-de-2019\/whpy4893\/'><img decoding=\"async\" width=\"150\" height=\"150\" src=\"https:\/\/international.visfoundation.org\/wp-content\/uploads\/sites\/19\/2019\/10\/WHPY4893-150x150.jpg\" class=\"attachment-thumbnail size-thumbnail\" alt=\"\" srcset=\"https:\/\/international.visfoundation.org\/wp-content\/uploads\/sites\/19\/2019\/10\/WHPY4893-150x150.jpg 150w, https:\/\/international.visfoundation.org\/wp-content\/uploads\/sites\/19\/2019\/10\/WHPY4893-300x300.jpg 300w, https:\/\/international.visfoundation.org\/wp-content\/uploads\/sites\/19\/2019\/10\/WHPY4893-768x768.jpg 768w, https:\/\/international.visfoundation.org\/wp-content\/uploads\/sites\/19\/2019\/10\/WHPY4893-1024x1024.jpg 1024w\" sizes=\"(max-width: 150px) 100vw, 150px\" \/><\/a>\n\t\t\t<\/div><\/figure><figure class='gallery-item'>\n\t\t\t<div class='gallery-icon landscape'>\n\t\t\t\t<a href='https:\/\/international.visfoundation.org\/en\/2019\/10\/11\/cronica-de-la-mision-humanitaria-en-ruanda-en-julio-de-2019\/safu0155\/'><img decoding=\"async\" width=\"150\" height=\"150\" src=\"https:\/\/international.visfoundation.org\/wp-content\/uploads\/sites\/19\/2019\/10\/SAFU0155-150x150.jpg\" class=\"attachment-thumbnail size-thumbnail\" alt=\"\" \/><\/a>\n\t\t\t<\/div><\/figure><figure class='gallery-item'>\n\t\t\t<div class='gallery-icon landscape'>\n\t\t\t\t<a href='https:\/\/international.visfoundation.org\/en\/2019\/10\/11\/cronica-de-la-mision-humanitaria-en-ruanda-en-julio-de-2019\/rfcu6143\/'><img loading=\"lazy\" decoding=\"async\" width=\"150\" height=\"150\" src=\"https:\/\/international.visfoundation.org\/wp-content\/uploads\/sites\/19\/2019\/10\/RFCU6143-150x150.jpg\" class=\"attachment-thumbnail size-thumbnail\" alt=\"\" \/><\/a>\n\t\t\t<\/div><\/figure><figure class='gallery-item'>\n\t\t\t<div class='gallery-icon landscape'>\n\t\t\t\t<a href='https:\/\/international.visfoundation.org\/en\/2019\/10\/11\/cronica-de-la-mision-humanitaria-en-ruanda-en-julio-de-2019\/img_e7409\/'><img loading=\"lazy\" decoding=\"async\" width=\"150\" height=\"150\" src=\"https:\/\/international.visfoundation.org\/wp-content\/uploads\/sites\/19\/2019\/10\/IMG_E7409-150x150.jpg\" class=\"attachment-thumbnail size-thumbnail\" alt=\"\" srcset=\"https:\/\/international.visfoundation.org\/wp-content\/uploads\/sites\/19\/2019\/10\/IMG_E7409-150x150.jpg 150w, https:\/\/international.visfoundation.org\/wp-content\/uploads\/sites\/19\/2019\/10\/IMG_E7409-300x300.jpg 300w, https:\/\/international.visfoundation.org\/wp-content\/uploads\/sites\/19\/2019\/10\/IMG_E7409-768x768.jpg 768w, https:\/\/international.visfoundation.org\/wp-content\/uploads\/sites\/19\/2019\/10\/IMG_E7409-1024x1024.jpg 1024w\" sizes=\"(max-width: 150px) 100vw, 150px\" \/><\/a>\n\t\t\t<\/div><\/figure><figure class='gallery-item'>\n\t\t\t<div class='gallery-icon portrait'>\n\t\t\t\t<a href='https:\/\/international.visfoundation.org\/en\/2019\/10\/11\/cronica-de-la-mision-humanitaria-en-ruanda-en-julio-de-2019\/img_e7456\/'><img loading=\"lazy\" decoding=\"async\" width=\"150\" height=\"150\" src=\"https:\/\/international.visfoundation.org\/wp-content\/uploads\/sites\/19\/2019\/10\/IMG_E7456-150x150.jpg\" class=\"attachment-thumbnail size-thumbnail\" alt=\"\" srcset=\"https:\/\/international.visfoundation.org\/wp-content\/uploads\/sites\/19\/2019\/10\/IMG_E7456-150x150.jpg 150w, https:\/\/international.visfoundation.org\/wp-content\/uploads\/sites\/19\/2019\/10\/IMG_E7456-300x300.jpg 300w, https:\/\/international.visfoundation.org\/wp-content\/uploads\/sites\/19\/2019\/10\/IMG_E7456-768x768.jpg 768w, https:\/\/international.visfoundation.org\/wp-content\/uploads\/sites\/19\/2019\/10\/IMG_E7456-1024x1024.jpg 1024w\" sizes=\"(max-width: 150px) 100vw, 150px\" \/><\/a>\n\t\t\t<\/div><\/figure><figure class='gallery-item'>\n\t\t\t<div class='gallery-icon landscape'>\n\t\t\t\t<a href='https:\/\/international.visfoundation.org\/en\/2019\/10\/11\/cronica-de-la-mision-humanitaria-en-ruanda-en-julio-de-2019\/ljtfe0004\/'><img loading=\"lazy\" decoding=\"async\" width=\"150\" height=\"150\" src=\"https:\/\/international.visfoundation.org\/wp-content\/uploads\/sites\/19\/2019\/10\/LJTFE0004-150x150.jpg\" class=\"attachment-thumbnail size-thumbnail\" alt=\"\" srcset=\"https:\/\/international.visfoundation.org\/wp-content\/uploads\/sites\/19\/2019\/10\/LJTFE0004-150x150.jpg 150w, https:\/\/international.visfoundation.org\/wp-content\/uploads\/sites\/19\/2019\/10\/LJTFE0004-300x300.jpg 300w, https:\/\/international.visfoundation.org\/wp-content\/uploads\/sites\/19\/2019\/10\/LJTFE0004-768x767.jpg 768w, https:\/\/international.visfoundation.org\/wp-content\/uploads\/sites\/19\/2019\/10\/LJTFE0004-1024x1024.jpg 1024w, https:\/\/international.visfoundation.org\/wp-content\/uploads\/sites\/19\/2019\/10\/LJTFE0004.jpg 1201w\" sizes=\"(max-width: 150px) 100vw, 150px\" \/><\/a>\n\t\t\t<\/div><\/figure><figure class='gallery-item'>\n\t\t\t<div class='gallery-icon landscape'>\n\t\t\t\t<a href='https:\/\/international.visfoundation.org\/en\/2019\/10\/11\/cronica-de-la-mision-humanitaria-en-ruanda-en-julio-de-2019\/img_6973\/'><img loading=\"lazy\" decoding=\"async\" width=\"150\" height=\"150\" src=\"https:\/\/international.visfoundation.org\/wp-content\/uploads\/sites\/19\/2019\/10\/IMG_6973-150x150.jpg\" class=\"attachment-thumbnail size-thumbnail\" alt=\"\" \/><\/a>\n\t\t\t<\/div><\/figure>\n\t\t<\/div>\n<\/div>","protected":false},"excerpt":{"rendered":"<p>Amanece un nuevo d\u00eda en el pueblo de Kabgayi, situado al oeste de Ruanda, cerca del lago Kivu. Los lugare\u00f1os ya est\u00e1n ocupados con sus primeras tareas del d\u00eda. Por las cunetas de la carretera transitan mujeres cargadas con cestos sobre sus cabezas, hombres que arrastran bicicletas que cargan con todo tipo de enseres, se [&hellip;]<\/p>\n","protected":false},"author":1,"featured_media":2589,"comment_status":"open","ping_status":"open","sticky":false,"template":"","format":"standard","meta":{"footnotes":""},"categories":[1],"tags":[],"class_list":["post-2908","post","type-post","status-publish","format-standard","has-post-thumbnail","hentry","category-noticias"],"_links":{"self":[{"href":"https:\/\/international.visfoundation.org\/en\/wp-json\/wp\/v2\/posts\/2908","targetHints":{"allow":["GET"]}}],"collection":[{"href":"https:\/\/international.visfoundation.org\/en\/wp-json\/wp\/v2\/posts"}],"about":[{"href":"https:\/\/international.visfoundation.org\/en\/wp-json\/wp\/v2\/types\/post"}],"author":[{"embeddable":true,"href":"https:\/\/international.visfoundation.org\/en\/wp-json\/wp\/v2\/users\/1"}],"replies":[{"embeddable":true,"href":"https:\/\/international.visfoundation.org\/en\/wp-json\/wp\/v2\/comments?post=2908"}],"version-history":[{"count":0,"href":"https:\/\/international.visfoundation.org\/en\/wp-json\/wp\/v2\/posts\/2908\/revisions"}],"wp:featuredmedia":[{"embeddable":true,"href":"https:\/\/international.visfoundation.org\/en\/wp-json\/wp\/v2\/media\/2589"}],"wp:attachment":[{"href":"https:\/\/international.visfoundation.org\/en\/wp-json\/wp\/v2\/media?parent=2908"}],"wp:term":[{"taxonomy":"category","embeddable":true,"href":"https:\/\/international.visfoundation.org\/en\/wp-json\/wp\/v2\/categories?post=2908"},{"taxonomy":"post_tag","embeddable":true,"href":"https:\/\/international.visfoundation.org\/en\/wp-json\/wp\/v2\/tags?post=2908"}],"curies":[{"name":"wp","href":"https:\/\/api.w.org\/{rel}","templated":true}]}}